{"id":1085,"date":"2020-07-15T15:56:55","date_gmt":"2020-07-15T20:56:55","guid":{"rendered":"https:\/\/afe.pe\/?p=1085"},"modified":"2021-09-07T22:48:32","modified_gmt":"2021-09-07T22:48:32","slug":"nuevos-lineamientos-sectoriales-del-mtc-en-el-sector-transporte","status":"publish","type":"post","link":"https:\/\/afelogistics.com\/blog\/nuevos-lineamientos-sectoriales-del-mtc-en-el-sector-transporte\/","title":{"rendered":"Nuevos Lineamientos Sectoriales del MTC en el Sector Transporte"},"content":{"rendered":"\t\t<div data-elementor-type=\"wp-post\" data-elementor-id=\"1085\" class=\"elementor elementor-1085\" data-elementor-settings=\"[]\">\n\t\t\t\t\t\t\t<div class=\"elementor-section-wrap\">\n\t\t\t\t\t\t\t<section class=\"elementor-section elementor-top-section elementor-element elementor-element-1451572 elementor-section-boxed elementor-section-height-default elementor-section-height-default\" data-id=\"1451572\" data-element_type=\"section\">\n\t\t\t\t\t\t<div class=\"elementor-container elementor-column-gap-default\">\n\t\t\t\t\t<div class=\"elementor-column elementor-col-100 elementor-top-column elementor-element elementor-element-22a13f5a\" data-id=\"22a13f5a\" data-element_type=\"column\">\n\t\t\t<div class=\"elementor-widget-wrap elementor-element-populated\">\n\t\t\t\t\t\t\t\t<div class=\"elementor-element elementor-element-711c6dc elementor-widget elementor-widget-text-editor\" data-id=\"711c6dc\" data-element_type=\"widget\" data-widget_type=\"text-editor.default\">\n\t\t\t\t<div class=\"elementor-widget-container\">\n\t\t\t\t\t\t\t<p>Compartimos las nuevas disposiciones y lineamientos en el marco legal para la prevenci\u00f3n del COVID-19 en la prestaci\u00f3n del servicio de TRANSPORTE AEREO de pasajeros a nivel nacional, as\u00ed como tambi\u00e9n, en la prestaci\u00f3n y utilizaci\u00f3n del servicio de transporte terrestre regular de personas en los \u00e1mbitos Provincial, Regional y Nacional.<\/p><p>El objetivo del presente documento es establecer los requisitos y lineamientos que los operadores de aer\u00f3dromos, explotadores a\u00e9reos y servicios especializados aeroportuarios deben implementar para asegurar el desarrollo de las operaciones aeron\u00e1uticas en un marco de sanidad que mitigue la propagaci\u00f3n del Covid-19 entre los pasajeros, tripulaci\u00f3n, personal del aeropuerto y p\u00fablico en general, en el entorno aeroportuario.<\/p><p>Tambi\u00e9n se generan lineamientos que tiene como objetivo establecer las reglas y procedimientos de salud p\u00fablica que deben ser observados en la prestaci\u00f3n y utilizaci\u00f3n del servicio de transporte terrestre regular de personas en los \u00e1mbitos nacional y regional, y finalmente, se establecen las reglas y procedimientos de salud p\u00fablica que deben ser observados para la prestaci\u00f3n del servicio de transporte terrestre regular de personas de \u00e1mbito provincial, regulado en el Reglamento Nacional de Administraci\u00f3n de Transporte, aprobado mediante Decreto Supremo N\u00b0 017-2009-MTC y sus modificatorias; como medidas para enfrentar y prevenir los riesgos de contagio del COVID &#8211; 19.<\/p><p>FINALIDAD: Resguardar la vida y salud de los ciudadanos, evitando riesgos de contagio y diseminaci\u00f3n del COVID &#8211; 19 en la prestaci\u00f3n del servicio de tr\u00e1nsito, transporte terrestre y de personas, en los \u00e1mbitos nacional y regional.<\/p><p><strong>R.M. N\u00b0 0384-2020-MTC\/01 <\/strong><strong><br \/>(EDICI\u00d3N EXTRAORDINARIA 11.07.2020)<\/strong><\/p><p>Aprueba los \u201cLineamientos Sectoriales para la prevenci\u00f3n del COVID-19 en la Prestaci\u00f3n del Servicio de Transporte A\u00e9reo de Pasajeros a Nivel Nacional\u201d.<\/p><p><a href=\"https:\/\/cdn.www.gob.pe\/uploads\/document\/file\/988674\/Lineamientos_Sectoriales_para_la_prevenci\u00f3n_del_COVID-19__-_Transporte_A\u00e9reo.pdf\" target=\"_blank\" rel=\"noopener\"><strong>M\u00e1s informaci\u00f3n<\/strong><\/a><\/p><p><strong>R.M. N\u00b0 0385-2020-MTC\/01 <\/strong><strong><br \/>(EDICI\u00d3N EXTRAORDINARIA 11.07.2020)<\/strong><\/p><p>Aprueba el \u201cLineamiento Sectorial para la Prevenci\u00f3n del COVID-19 en el Servicio de Transporte Terrestre Regular de Personas de \u00c1mbito Provincial\u201d<\/p><p><a href=\"https:\/\/cdn.www.gob.pe\/uploads\/document\/file\/989136\/Lineamientos_Sectorial_para_la_Prevenci\u00f3n_del_COVID-19_-_Transporte_Terrestre_Ambito_Provincial.pdf\" target=\"_blank\" rel=\"noopener\"><strong>M\u00e1s informaci\u00f3n<\/strong><\/a><\/p><p><strong>R.M. N\u00b0 0386-2020-MTC\/01 <\/strong><strong><br \/>(EDICI\u00d3N EXTRAORDINARIA 11.07.2020)<\/strong><\/p><p>Aprueban el \u201cLineamiento Sectorial para la Prevenci\u00f3n del COVID-19 en el Servicio de Transporte Terrestre Regular de Personas en los \u00c1mbitos Nacional y Regional\u201d<\/p><p><a href=\"https:\/\/cdn.www.gob.pe\/uploads\/document\/file\/989503\/Lineamiento_Sectorial_para_Prevenci\u00f3n_del_COVID-19_-_Transporte_Terrestre_Ambito_Nacional_y_Regional.pdf\" target=\"_blank\" rel=\"noopener\"><strong>M\u00e1s informaci\u00f3n<\/strong><\/a><\/p><p>Fuente: CCL \/ MTC<\/p><p>Redacci\u00f3n: AFE \/ Periodista Enrique J. D\u00edaz R.<\/p>\t\t\t\t\t\t<\/div>\n\t\t\t\t<\/div>\n\t\t\t\t\t<\/div>\n\t\t<\/div>\n\t\t\t\t\t\t\t<\/div>\n\t\t<\/section>\n\t\t\t\t\t\t<\/div>\n\t\t\t\t\t<\/div>\n\t\t","protected":false},"excerpt":{"rendered":"<p>Compartimos las nuevas disposiciones y lineamientos en el marco legal para la prevenci\u00f3n del COVID-19 en la prestaci\u00f3n del servicio de TRANSPORTE AEREO de pasajeros a nivel nacional, as\u00ed como tambi\u00e9n, en la prestaci\u00f3n y utilizaci\u00f3n del servicio de transporte terrestre regular de personas en los \u00e1mbitos Provincial, Regional y Nacional. El objetivo del presente [&hellip;]<\/p>\n","protected":false},"author":1,"featured_media":1502,"comment_status":"open","ping_status":"open","sticky":false,"template":"","format":"standard","meta":{"_mbp_gutenberg_autopost":false,"footnotes":""},"categories":[8],"tags":[],"class_list":["post-1085","post","type-post","status-publish","format-standard","has-post-thumbnail","hentry","category-transporte-de-carga"],"_links":{"self":[{"href":"https:\/\/afelogistics.com\/blog\/wp-json\/wp\/v2\/posts\/1085","targetHints":{"allow":["GET"]}}],"collection":[{"href":"https:\/\/afelogistics.com\/blog\/wp-json\/wp\/v2\/posts"}],"about":[{"href":"https:\/\/afelogistics.com\/blog\/wp-json\/wp\/v2\/types\/post"}],"author":[{"embeddable":true,"href":"https:\/\/afelogistics.com\/blog\/wp-json\/wp\/v2\/users\/1"}],"replies":[{"embeddable":true,"href":"https:\/\/afelogistics.com\/blog\/wp-json\/wp\/v2\/comments?post=1085"}],"version-history":[{"count":1,"href":"https:\/\/afelogistics.com\/blog\/wp-json\/wp\/v2\/posts\/1085\/revisions"}],"predecessor-version":[{"id":1372,"href":"https:\/\/afelogistics.com\/blog\/wp-json\/wp\/v2\/posts\/1085\/revisions\/1372"}],"wp:featuredmedia":[{"embeddable":true,"href":"https:\/\/afelogistics.com\/blog\/wp-json\/wp\/v2\/media\/1502"}],"wp:attachment":[{"href":"https:\/\/afelogistics.com\/blog\/wp-json\/wp\/v2\/media?parent=1085"}],"wp:term":[{"taxonomy":"category","embeddable":true,"href":"https:\/\/afelogistics.com\/blog\/wp-json\/wp\/v2\/categories?post=1085"},{"taxonomy":"post_tag","embeddable":true,"href":"https:\/\/afelogistics.com\/blog\/wp-json\/wp\/v2\/tags?post=1085"}],"curies":[{"name":"wp","href":"https:\/\/api.w.org\/{rel}","templated":true}]}}