{"id":1126,"date":"2020-08-17T12:34:48","date_gmt":"2020-08-17T17:34:48","guid":{"rendered":"https:\/\/afe.pe\/?p=1126"},"modified":"2021-09-07T22:49:41","modified_gmt":"2021-09-07T22:49:41","slug":"transporte-maritimo-de-cabotaje-se-fortalece-en-el-sur-peruano","status":"publish","type":"post","link":"https:\/\/afelogistics.com\/blog\/transporte-maritimo-de-cabotaje-se-fortalece-en-el-sur-peruano\/","title":{"rendered":"Transporte mar\u00edtimo de cabotaje se fortalece en el sur peruano"},"content":{"rendered":"\t\t<div data-elementor-type=\"wp-post\" data-elementor-id=\"1126\" class=\"elementor elementor-1126\" data-elementor-settings=\"[]\">\n\t\t\t\t\t\t\t<div class=\"elementor-section-wrap\">\n\t\t\t\t\t\t\t<section class=\"elementor-section elementor-top-section elementor-element elementor-element-1451572 elementor-section-boxed elementor-section-height-default elementor-section-height-default\" data-id=\"1451572\" data-element_type=\"section\">\n\t\t\t\t\t\t<div class=\"elementor-container elementor-column-gap-default\">\n\t\t\t\t\t<div class=\"elementor-column elementor-col-100 elementor-top-column elementor-element elementor-element-22a13f5a\" data-id=\"22a13f5a\" data-element_type=\"column\">\n\t\t\t<div class=\"elementor-widget-wrap elementor-element-populated\">\n\t\t\t\t\t\t\t\t<div class=\"elementor-element elementor-element-711c6dc elementor-widget elementor-widget-text-editor\" data-id=\"711c6dc\" data-element_type=\"widget\" data-widget_type=\"text-editor.default\">\n\t\t\t\t<div class=\"elementor-widget-container\">\n\t\t\t\t\t\t\t<p>En el marco de incentivar las operaciones puerto a puerto, el Ministerio de Transportes y Comunicaciones (MTC), ha fortalecido el <strong>transporte de cabotaje mar\u00edtimo<\/strong> en el sur del pa\u00eds a trav\u00e9s de la disponibilidad de naves para el traslado de mercanc\u00eda mensualmente. As\u00ed dos naves llegan al puerto de Ilo (Moquegua) y al puerto de Matarani (Arequipa), respectivamente.<\/p><p>Estas operaciones portuarias fortalecen la cadena de pagos, debido a la intervenci\u00f3n de m\u00e1s agentes en toda la cadena <strong>log\u00edstica<\/strong> del cabotaje como las navieras, puertos, almacenes y transporte local, lo que permitir\u00eda la reactivaci\u00f3n e integraci\u00f3n de la econom\u00eda.<\/p><p>El Instituto de Investigaci\u00f3n y Desarrollo de Comercio Exterior de la C\u00e1mara de Comercio de Lima (Idexcam) resalta que el <strong>transporte mar\u00edtimo<\/strong> general, adem\u00e1s de ser una alternativa complementaria al traslado de mercanc\u00edas por v\u00eda terrestre, se caracteriza por una mayor capacidad de carga y su menor contaminaci\u00f3n.<\/p><p>En lo que respecta al comercio internacional, el cabotaje mar\u00edtimo es relevante dado la capacidad de transportar m\u00e1s carga, por lo que permitir\u00eda mejorar la competitividad en costos de las exportaciones peruanas en el mercado internacional.<\/p><p>Fuente: MTC \/ CCL.<\/p><p>Redacci\u00f3n: AFE \/ Periodista Enrique J. D\u00edaz R.<\/p>\t\t\t\t\t\t<\/div>\n\t\t\t\t<\/div>\n\t\t\t\t\t<\/div>\n\t\t<\/div>\n\t\t\t\t\t\t\t<\/div>\n\t\t<\/section>\n\t\t\t\t\t\t<\/div>\n\t\t\t\t\t<\/div>\n\t\t","protected":false},"excerpt":{"rendered":"<p>En el marco de incentivar las operaciones puerto a puerto, el Ministerio de Transportes y Comunicaciones (MTC), ha fortalecido el transporte de cabotaje mar\u00edtimo en el sur del pa\u00eds a trav\u00e9s de la disponibilidad de naves para el traslado de mercanc\u00eda mensualmente. As\u00ed dos naves llegan al puerto de Ilo (Moquegua) y al puerto de [&hellip;]<\/p>\n","protected":false},"author":1,"featured_media":1503,"comment_status":"open","ping_status":"open","sticky":false,"template":"","format":"standard","meta":{"_mbp_gutenberg_autopost":false,"footnotes":""},"categories":[8],"tags":[],"class_list":["post-1126","post","type-post","status-publish","format-standard","has-post-thumbnail","hentry","category-transporte-de-carga"],"_links":{"self":[{"href":"https:\/\/afelogistics.com\/blog\/wp-json\/wp\/v2\/posts\/1126","targetHints":{"allow":["GET"]}}],"collection":[{"href":"https:\/\/afelogistics.com\/blog\/wp-json\/wp\/v2\/posts"}],"about":[{"href":"https:\/\/afelogistics.com\/blog\/wp-json\/wp\/v2\/types\/post"}],"author":[{"embeddable":true,"href":"https:\/\/afelogistics.com\/blog\/wp-json\/wp\/v2\/users\/1"}],"replies":[{"embeddable":true,"href":"https:\/\/afelogistics.com\/blog\/wp-json\/wp\/v2\/comments?post=1126"}],"version-history":[{"count":1,"href":"https:\/\/afelogistics.com\/blog\/wp-json\/wp\/v2\/posts\/1126\/revisions"}],"predecessor-version":[{"id":1363,"href":"https:\/\/afelogistics.com\/blog\/wp-json\/wp\/v2\/posts\/1126\/revisions\/1363"}],"wp:featuredmedia":[{"embeddable":true,"href":"https:\/\/afelogistics.com\/blog\/wp-json\/wp\/v2\/media\/1503"}],"wp:attachment":[{"href":"https:\/\/afelogistics.com\/blog\/wp-json\/wp\/v2\/media?parent=1126"}],"wp:term":[{"taxonomy":"category","embeddable":true,"href":"https:\/\/afelogistics.com\/blog\/wp-json\/wp\/v2\/categories?post=1126"},{"taxonomy":"post_tag","embeddable":true,"href":"https:\/\/afelogistics.com\/blog\/wp-json\/wp\/v2\/tags?post=1126"}],"curies":[{"name":"wp","href":"https:\/\/api.w.org\/{rel}","templated":true}]}}